{"id":8829,"date":"2022-12-04T11:52:49","date_gmt":"2022-12-04T10:52:49","guid":{"rendered":"https:\/\/www.kosbasket.at\/?p=8829"},"modified":"2022-12-04T11:56:28","modified_gmt":"2022-12-04T10:56:28","slug":"b2l-es-fehlte-die-kraft","status":"publish","type":"post","link":"https:\/\/www.kosbasket.at\/de\/2022\/12\/b2l-es-fehlte-die-kraft\/","title":{"rendered":"B2L: Es fehlte die Kraft"},"content":{"rendered":"\n<p class=\"has-central-palette-1-color has-text-color\"><strong>Am Samstag, den 03.12., fuhr die Herrenmannschaft von KO\u0160 Celovec nach Tirol, wo sie auf die Kufstein Towers traf.<\/strong><\/p>\n\n\n\n<div class=\"wp-block-kos-punkte kos-points-block\"><a href=\"https:\/\/www.basketballaustria.at\/spiele?game_id=5747686&amp;season_id=125022\">Kufstein Towers : KO\u0160 Celovec 92:87 (19:22, 39:44, 64:61)<\/a><\/div>\n\n\n\n<p>Das Team von KO\u0160 Celovec war diesmal stark dezimiert, denn Tim Huber, Stefan Bla\u017eevi\u0107, Veljko Dena und Maxi Seher fehlten verletzungsbedingt. Au\u00dferdem hatte die U19-Mannschaft zur gleichen Zeit ein Spiel in Wien, so dass dieses Mal keine jungen Spieler dabei waren. Obwohl die Klagenfurter nur acht Spieler hatten, \u00fcberraschten sie Kufstein und gingen in F\u00fchrung. Die kurze Bank machte sich jedoch in der zweiten Spielh\u00e4lfte bemerkbar, denn den Spielern ging ein wenig die Energie aus, was die Kufstein Towers ausnutzten und schlie\u00dflich KO\u0160 Celovec mit +f\u00fcnf Punkten besiegten &#8211; 92:87.<\/p>\n\n\n\n<figure class=\"wp-block-image size-medium is-resized\"><img loading=\"lazy\" decoding=\"async\" src=\"https:\/\/www.kosbasket.at\/wp-content\/uploads\/2022\/12\/2022.12.03_B2L_KUF_KOS_rezultat-300x300.png\" alt=\"\" class=\"wp-image-8825\" width=\"350\" height=\"350\" srcset=\"https:\/\/www.kosbasket.at\/wp-content\/uploads\/2022\/12\/2022.12.03_B2L_KUF_KOS_rezultat-300x300.png 300w, https:\/\/www.kosbasket.at\/wp-content\/uploads\/2022\/12\/2022.12.03_B2L_KUF_KOS_rezultat-1024x1024.png 1024w, https:\/\/www.kosbasket.at\/wp-content\/uploads\/2022\/12\/2022.12.03_B2L_KUF_KOS_rezultat-150x150.png 150w, https:\/\/www.kosbasket.at\/wp-content\/uploads\/2022\/12\/2022.12.03_B2L_KUF_KOS_rezultat-768x768.png 768w, https:\/\/www.kosbasket.at\/wp-content\/uploads\/2022\/12\/2022.12.03_B2L_KUF_KOS_rezultat-1536x1536.png 1536w, https:\/\/www.kosbasket.at\/wp-content\/uploads\/2022\/12\/2022.12.03_B2L_KUF_KOS_rezultat-2048x2048.png 2048w, https:\/\/www.kosbasket.at\/wp-content\/uploads\/2022\/12\/2022.12.03_B2L_KUF_KOS_rezultat-1568x1568.png 1568w\" sizes=\"auto, (max-width: 350px) 100vw, 350px\" \/><figcaption class=\"wp-element-caption\">Kufstein Towers : KO\u0160 Celovec 92:87<\/figcaption><\/figure>\n","protected":false},"excerpt":{"rendered":"<p>Am Samstag, den 03.12., fuhr die Herrenmannschaft von KO\u0160 Celovec nach Tirol, wo sie auf die Kufstein Towers traf. Das Team von KO\u0160 Celovec war diesmal stark dezimiert, denn Tim Huber, Stefan Bla\u017eevi\u0107, Veljko Dena und Maxi Seher fehlten verletzungsbedingt. Au\u00dferdem hatte die U19-Mannschaft zur gleichen Zeit ein Spiel in Wien, so dass dieses Mal&hellip; <a class=\"more-link\" href=\"https:\/\/www.kosbasket.at\/de\/2022\/12\/b2l-es-fehlte-die-kraft\/\"><span class=\"screen-reader-text\">B2L: Es fehlte die Kraft<\/span> weiterlesen<\/a><\/p>\n","protected":false},"author":4,"featured_media":0,"comment_status":"closed","ping_status":"closed","sticky":false,"template":"","format":"standard","meta":{"ngg_post_thumbnail":0,"footnotes":""},"categories":[245,31],"tags":[],"class_list":["post-8829","post","type-post","status-publish","format-standard","hentry","category-2022-berichtede","category-basketball-zweite-liga-berichtede","entry"],"_links":{"self":[{"href":"https:\/\/www.kosbasket.at\/de\/wp-json\/wp\/v2\/posts\/8829","targetHints":{"allow":["GET"]}}],"collection":[{"href":"https:\/\/www.kosbasket.at\/de\/wp-json\/wp\/v2\/posts"}],"about":[{"href":"https:\/\/www.kosbasket.at\/de\/wp-json\/wp\/v2\/types\/post"}],"author":[{"embeddable":true,"href":"https:\/\/www.kosbasket.at\/de\/wp-json\/wp\/v2\/users\/4"}],"replies":[{"embeddable":true,"href":"https:\/\/www.kosbasket.at\/de\/wp-json\/wp\/v2\/comments?post=8829"}],"version-history":[{"count":1,"href":"https:\/\/www.kosbasket.at\/de\/wp-json\/wp\/v2\/posts\/8829\/revisions"}],"predecessor-version":[{"id":8830,"href":"https:\/\/www.kosbasket.at\/de\/wp-json\/wp\/v2\/posts\/8829\/revisions\/8830"}],"wp:attachment":[{"href":"https:\/\/www.kosbasket.at\/de\/wp-json\/wp\/v2\/media?parent=8829"}],"wp:term":[{"taxonomy":"category","embeddable":true,"href":"https:\/\/www.kosbasket.at\/de\/wp-json\/wp\/v2\/categories?post=8829"},{"taxonomy":"post_tag","embeddable":true,"href":"https:\/\/www.kosbasket.at\/de\/wp-json\/wp\/v2\/tags?post=8829"}],"curies":[{"name":"wp","href":"https:\/\/api.w.org\/{rel}","templated":true}]}}