{"id":5991,"date":"2021-09-12T08:25:00","date_gmt":"2021-09-12T06:25:00","guid":{"rendered":"https:\/\/uat.kosbasket.at\/2021\/09\/willkommen-rok-und-andraz\/"},"modified":"2022-01-13T08:28:07","modified_gmt":"2022-01-13T07:28:07","slug":"willkommen-rok-und-andraz","status":"publish","type":"post","link":"https:\/\/www.kosbasket.at\/sl\/2021\/09\/willkommen-rok-und-andraz\/","title":{"rendered":"Dobrodo\u0161la Rok in Andra\u017e!"},"content":{"rendered":"\n<div class=\"nextgen_pro_blog_gallery\" id=\"displayed_gallery_224cc534d33469e949d1dc1541dc1703\">\n            <div id=\"ngg-image-displayed_gallery_224cc534d33469e949d1dc1541dc1703-0\" class=\"image-wrapper\" style=\"width: 800px\">\n                                    <a href=\"https:\/\/www.kosbasket.at\/wp-content\/gallery\/kadernews-20212022\/1_heiligstein-fertig.png\"\n               title=\"\"\n               data-src=\"https:\/\/www.kosbasket.at\/wp-content\/gallery\/kadernews-20212022\/1_heiligstein-fertig.png\"\n               data-thumbnail=\"https:\/\/www.kosbasket.at\/wp-content\/gallery\/kadernews-20212022\/thumbs\/thumbs_1_heiligstein-fertig.png\"\n               data-image-id=\"2193\"\n               data-title=\"1_heiligstein-fertig\"\n               data-description=\"\"\n               class=\"ngg-simplelightbox\" rel=\"224cc534d33469e949d1dc1541dc1703\">\n                <picture>\n\t\n<source srcset='https:\/\/www.kosbasket.at\/wp-content\/gallery\/kadernews-20212022\/1_heiligstein-fertig.png, https:\/\/www.kosbasket.at\/wp-content\/gallery\/kadernews-20212022\/cache\/1_heiligstein-fertig.png-nggid042193-ngg0dyn-2400x2400x100-00f0w010c010r110f110r010t010.png 2x' media=''>\n<img width=\"800\" title=\"1_heiligstein-fertig\" alt=\"1_heiligstein-fertig\" style=\"max-width:800px;max-height:px\" src=\"https:\/\/www.kosbasket.at\/wp-content\/gallery\/kadernews-20212022\/1_heiligstein-fertig.png\" srcset=\"https:\/\/www.kosbasket.at\/wp-content\/gallery\/kadernews-20212022\/1_heiligstein-fertig.png, https:\/\/www.kosbasket.at\/wp-content\/gallery\/kadernews-20212022\/cache\/1_heiligstein-fertig.png-nggid042193-ngg0dyn-2400x2400x100-00f0w010c010r110f110r010t010.png 2x\" onerror=\"nggRetryFailedImage(this);\"\/>\n<\/picture>            <\/a>\n                                <\/div>\n        <div class=\"ngg-clear\"><\/div>\n        <\/div>\n\n\n\n\n<p>Dobrodo\u0161el <strong><span class=\"has-inline-color has-central-palette-1-color\">Rok Heiligstein<\/span><\/strong>! 31 letni ko\u0161arkarski strateg bo pomagal KO\u0160 pripraviti na \u0161e bolj uspe\u0161na leta. Lani je treniral pomladek Slovana v Ljubljani in bil asisten\u010dni trener \u010dlanov. V Celovec je pri\u0161el, da bi postqavil profesionalne strukture v ekipe in s tem prenesel svoje znanje na ves obetavni pomladek KO\u0160a!<\/p>\n\n\n\n<div class=\"nextgen_pro_blog_gallery\" id=\"displayed_gallery_fc2523f3f279536a2406833c2b941c8e\">\n            <div id=\"ngg-image-displayed_gallery_fc2523f3f279536a2406833c2b941c8e-0\" class=\"image-wrapper\" style=\"width: 800px\">\n                                    <a href=\"https:\/\/www.kosbasket.at\/wp-content\/gallery\/kadernews-20212022\/1_voncina-fertig.jpg\"\n               title=\"\"\n               data-src=\"https:\/\/www.kosbasket.at\/wp-content\/gallery\/kadernews-20212022\/1_voncina-fertig.jpg\"\n               data-thumbnail=\"https:\/\/www.kosbasket.at\/wp-content\/gallery\/kadernews-20212022\/thumbs\/thumbs_1_voncina-fertig.jpg\"\n               data-image-id=\"2198\"\n               data-title=\"1_voncina-fertig\"\n               data-description=\"\"\n               class=\"ngg-simplelightbox\" rel=\"fc2523f3f279536a2406833c2b941c8e\">\n                <picture>\n\t\n<source srcset='https:\/\/www.kosbasket.at\/wp-content\/gallery\/kadernews-20212022\/1_voncina-fertig.jpg, https:\/\/www.kosbasket.at\/wp-content\/gallery\/kadernews-20212022\/cache\/1_voncina-fertig.jpg-nggid042198-ngg0dyn-2400x2400x100-00f0w010c010r110f110r010t010.jpg 2x' media=''>\n<img width=\"800\" title=\"1_voncina-fertig\" alt=\"1_voncina-fertig\" style=\"max-width:800px;max-height:px\" src=\"https:\/\/www.kosbasket.at\/wp-content\/gallery\/kadernews-20212022\/1_voncina-fertig.jpg\" srcset=\"https:\/\/www.kosbasket.at\/wp-content\/gallery\/kadernews-20212022\/1_voncina-fertig.jpg, https:\/\/www.kosbasket.at\/wp-content\/gallery\/kadernews-20212022\/cache\/1_voncina-fertig.jpg-nggid042198-ngg0dyn-2400x2400x100-00f0w010c010r110f110r010t010.jpg 2x\" onerror=\"nggRetryFailedImage(this);\"\/>\n<\/picture>            <\/a>\n                                <\/div>\n        <div class=\"ngg-clear\"><\/div>\n        <\/div>\n\n\n\n\n<p>Dobrodo\u0161el <strong><span class=\"has-inline-color has-central-palette-1-color\">Andra\u017e Von\u010dina<\/span><\/strong>! 30 letni ko\u0161arkarski trener bo prevzel \u010dlanice in WU19 kot tudi U16 ekipo. Lani je delal pri klubu Triglav Kranj. V Celovec je pri\u0161el predvzem, da bo prevzel taktirko pri \u010dlanicah v najvi\u0161ji avstrijski \u017eenski ligi BDSL.<\/p>\n","protected":false},"excerpt":{"rendered":"<p>Dobrodo\u0161el Rok Heiligstein! 31 letni ko\u0161arkarski strateg bo pomagal KO\u0160 pripraviti na \u0161e bolj uspe\u0161na leta. Lani je treniral pomladek Slovana v Ljubljani in bil asisten\u010dni trener \u010dlanov. V Celovec je pri\u0161el, da bi postqavil profesionalne strukture v ekipe in s tem prenesel svoje znanje na ves obetavni pomladek KO\u0160a! Dobrodo\u0161el Andra\u017e Von\u010dina! 30 letni&hellip; <a class=\"more-link\" href=\"https:\/\/www.kosbasket.at\/sl\/2021\/09\/willkommen-rok-und-andraz\/\">Nadaljuj z branjem <span class=\"screen-reader-text\">Dobrodo\u0161la Rok in Andra\u017e!<\/span><\/a><\/p>\n","protected":false},"author":1,"featured_media":0,"comment_status":"closed","ping_status":"closed","sticky":false,"template":"","format":"standard","meta":{"ngg_post_thumbnail":0,"footnotes":""},"categories":[3],"tags":[],"class_list":["post-5991","post","type-post","status-publish","format-standard","hentry","category-uncategorized-sl","entry"],"_links":{"self":[{"href":"https:\/\/www.kosbasket.at\/sl\/wp-json\/wp\/v2\/posts\/5991","targetHints":{"allow":["GET"]}}],"collection":[{"href":"https:\/\/www.kosbasket.at\/sl\/wp-json\/wp\/v2\/posts"}],"about":[{"href":"https:\/\/www.kosbasket.at\/sl\/wp-json\/wp\/v2\/types\/post"}],"author":[{"embeddable":true,"href":"https:\/\/www.kosbasket.at\/sl\/wp-json\/wp\/v2\/users\/1"}],"replies":[{"embeddable":true,"href":"https:\/\/www.kosbasket.at\/sl\/wp-json\/wp\/v2\/comments?post=5991"}],"version-history":[{"count":1,"href":"https:\/\/www.kosbasket.at\/sl\/wp-json\/wp\/v2\/posts\/5991\/revisions"}],"predecessor-version":[{"id":5992,"href":"https:\/\/www.kosbasket.at\/sl\/wp-json\/wp\/v2\/posts\/5991\/revisions\/5992"}],"wp:attachment":[{"href":"https:\/\/www.kosbasket.at\/sl\/wp-json\/wp\/v2\/media?parent=5991"}],"wp:term":[{"taxonomy":"category","embeddable":true,"href":"https:\/\/www.kosbasket.at\/sl\/wp-json\/wp\/v2\/categories?post=5991"},{"taxonomy":"post_tag","embeddable":true,"href":"https:\/\/www.kosbasket.at\/sl\/wp-json\/wp\/v2\/tags?post=5991"}],"curies":[{"name":"wp","href":"https:\/\/api.w.org\/{rel}","templated":true}]}}