{"id":5995,"date":"2021-09-05T08:28:00","date_gmt":"2021-09-05T06:28:00","guid":{"rendered":"https:\/\/uat.kosbasket.at\/2021\/09\/kos-camp-2021\/"},"modified":"2022-01-13T08:30:36","modified_gmt":"2022-01-13T07:30:36","slug":"kos-camp-2021","status":"publish","type":"post","link":"https:\/\/www.kosbasket.at\/sl\/2021\/09\/kos-camp-2021\/","title":{"rendered":"KO\u0160 KAMP 2021"},"content":{"rendered":"\n<p class=\"has-central-palette-1-color has-text-color\">KO\u0160 Celovec\u00a0je priredil\u00a0v tem tednu od 30.8. do 3.9. medtem \u017ee 17.ko\u0161arkarski tabor za lasten podmladek v Mladinskem domu.<\/p>\n\n\n\n<p>Okoli 70 mladih trenira 2 krat dnevno v \u0161estih skupinah v telovadnicah Slovenske gimnazije, v Mladinskem domu, v telovadnicah BORGa in v \u0161portni dvorani \u0160entpeter.<\/p>\n\n\n\n<p>Glavna trenerja sta \u017ee peto leto zaporedoma Ale\u0161 Fabjan in Dejan Milenkovi\u010d, ki sta v Sloveniji voditelja projekta &#8220;FeelGood&#8221; ko\u0161arke. Pomagajo pa \u0161e izku\u0161eni trenerji KO\u0160a: Rok Heiligstein (novi glavni trener \u010dlanov), Muhamed Voljevica (novi glavni trener za \u017eenske), Marcell Smolej, Andi Smrtnik, Rafael Mistelbauer,&nbsp;kondicijski trener Rok Razdev\u0161ek in Alina Seher. Na kampu je KO\u0160 Celovec uvedel prvi\u010d tudi te\u010daj sloven\u0161\u010dine za vse nem\u0161kogovore\u010de, ki ga je vodila Ana Einspieler s pomo\u010djo Lare Hobel. Prvi\u010d sta predstavili slovensko nem\u0161ki ko\u0161arkarski slovar\u010dek, ki ga je pripravila prav Ana Einspieler v okviru seminarja na celov\u0161ki univerzi. Delavnico &#8220;joga za otroke&#8221; pa je vodila Maria Smolej.<\/p>\n\n\n\n<p>Na koncu tedna je v vsaki skupini bil voljen MVP! Iskrene \u010destitke zmagovalcem!<\/p>\n\n\n\n<p>skupina A: Michel Niki<\/p>\n\n\n\n<p>skupina B: Seher Julian<br>skupina C: Peters Eric<br>skupina D: Wheeler Aidan<br>skupina E: Hribar Jaka<br>skupina F: Peters Elise<\/p>\n\n\n\n<p>MVP sloven\u0161\u010dine brez predznanja pa je postal Mazaris Pascalis, z predznanjem pa Vuki\u010devi\u0107 Katarina!<\/p>\n\n\n\n<div class=\"nextgen_pro_thumbnail_grid\" id=\"displayed_gallery_134e78f8a8bd8e204e325d64ed588e19\"><div id=\"ngg-image-0\" class=\"image-wrapper\"><a href=\"https:\/\/www.kosbasket.at\/wp-content\/gallery\/kos-kamp-2021\/1_WhatsApp-Image-2021-09-03-at-17.53.54.jpeg\"\n               title=\"\"\n               data-src=\"https:\/\/www.kosbasket.at\/wp-content\/gallery\/kos-kamp-2021\/1_WhatsApp-Image-2021-09-03-at-17.53.54.jpeg\"\n               data-thumbnail=\"https:\/\/www.kosbasket.at\/wp-content\/gallery\/kos-kamp-2021\/thumbs\/thumbs_1_WhatsApp-Image-2021-09-03-at-17.53.54.jpeg\"\n               data-image-id=\"2191\"\n               data-title=\"1_WhatsApp-Image-2021-09-03-at-17.53.54\"\n               data-description=\"\"\n               class=\"ngg-simplelightbox\" rel=\"134e78f8a8bd8e204e325d64ed588e19\"><picture><source srcset='https:\/\/www.kosbasket.at\/wp-content\/gallery\/kos-kamp-2021\/thumbs\/thumbs_1_WhatsApp-Image-2021-09-03-at-17.53.54.jpeg, https:\/\/www.kosbasket.at\/wp-content\/gallery\/kos-kamp-2021\/cache\/1_WhatsApp-Image-2021-09-03-at-17.53.54.jpeg-nggid042191-ngg0dyn-480x320x100-00f0w010c011r110f110r010t010.jpeg 2x' media=''><img title=\"1_WhatsApp-Image-2021-09-03-at-17.53.54\" alt=\"1_WhatsApp-Image-2021-09-03-at-17.53.54\" width=\"240\" height=\"160\" style=\"max-width:240px;max-height:160px\" src=\"https:\/\/www.kosbasket.at\/wp-content\/gallery\/kos-kamp-2021\/thumbs\/thumbs_1_WhatsApp-Image-2021-09-03-at-17.53.54.jpeg\" srcset=\"https:\/\/www.kosbasket.at\/wp-content\/gallery\/kos-kamp-2021\/thumbs\/thumbs_1_WhatsApp-Image-2021-09-03-at-17.53.54.jpeg, https:\/\/www.kosbasket.at\/wp-content\/gallery\/kos-kamp-2021\/cache\/1_WhatsApp-Image-2021-09-03-at-17.53.54.jpeg-nggid042191-ngg0dyn-480x320x100-00f0w010c011r110f110r010t010.jpeg 2x\" onerror=\"nggRetryFailedImage(this);\"\/><\/picture>                <noscript><img src=\"https:\/\/www.kosbasket.at\/wp-content\/gallery\/kos-kamp-2021\/thumbs\/thumbs_1_WhatsApp-Image-2021-09-03-at-17.53.54.jpeg\"\n                         title=\"1_WhatsApp-Image-2021-09-03-at-17.53.54\"\n                         alt=\"1_WhatsApp-Image-2021-09-03-at-17.53.54\"\n                         width=\"240\"\n                         height=\"160\"\n                         style=\"max-width:100%; height: auto;\"\/><\/noscript><\/a><\/div><div id=\"ngg-image-1\" class=\"image-wrapper\"><a href=\"https:\/\/www.kosbasket.at\/wp-content\/gallery\/kos-kamp-2021\/1_WhatsApp-Image-2021-09-03-at-18.23.21.jpeg\"\n               title=\"\"\n               data-src=\"https:\/\/www.kosbasket.at\/wp-content\/gallery\/kos-kamp-2021\/1_WhatsApp-Image-2021-09-03-at-18.23.21.jpeg\"\n               data-thumbnail=\"https:\/\/www.kosbasket.at\/wp-content\/gallery\/kos-kamp-2021\/thumbs\/thumbs_1_WhatsApp-Image-2021-09-03-at-18.23.21.jpeg\"\n               data-image-id=\"2194\"\n               data-title=\"1_WhatsApp-Image-2021-09-03-at-18.23.21\"\n               data-description=\"\"\n               class=\"ngg-simplelightbox\" rel=\"134e78f8a8bd8e204e325d64ed588e19\"><picture><source srcset='https:\/\/www.kosbasket.at\/wp-content\/gallery\/kos-kamp-2021\/thumbs\/thumbs_1_WhatsApp-Image-2021-09-03-at-18.23.21.jpeg, https:\/\/www.kosbasket.at\/wp-content\/gallery\/kos-kamp-2021\/cache\/1_WhatsApp-Image-2021-09-03-at-18.23.21.jpeg-nggid042194-ngg0dyn-480x320x100-00f0w010c011r110f110r010t010.jpeg 2x' media=''><img title=\"1_WhatsApp-Image-2021-09-03-at-18.23.21\" alt=\"1_WhatsApp-Image-2021-09-03-at-18.23.21\" width=\"240\" height=\"160\" style=\"max-width:240px;max-height:160px\" src=\"https:\/\/www.kosbasket.at\/wp-content\/gallery\/kos-kamp-2021\/thumbs\/thumbs_1_WhatsApp-Image-2021-09-03-at-18.23.21.jpeg\" srcset=\"https:\/\/www.kosbasket.at\/wp-content\/gallery\/kos-kamp-2021\/thumbs\/thumbs_1_WhatsApp-Image-2021-09-03-at-18.23.21.jpeg, https:\/\/www.kosbasket.at\/wp-content\/gallery\/kos-kamp-2021\/cache\/1_WhatsApp-Image-2021-09-03-at-18.23.21.jpeg-nggid042194-ngg0dyn-480x320x100-00f0w010c011r110f110r010t010.jpeg 2x\" onerror=\"nggRetryFailedImage(this);\"\/><\/picture>                <noscript><img src=\"https:\/\/www.kosbasket.at\/wp-content\/gallery\/kos-kamp-2021\/thumbs\/thumbs_1_WhatsApp-Image-2021-09-03-at-18.23.21.jpeg\"\n                         title=\"1_WhatsApp-Image-2021-09-03-at-18.23.21\"\n                         alt=\"1_WhatsApp-Image-2021-09-03-at-18.23.21\"\n                         width=\"240\"\n                         height=\"160\"\n                         style=\"max-width:100%; height: auto;\"\/><\/noscript><\/a><\/div><div id=\"ngg-image-2\" class=\"image-wrapper\"><a href=\"https:\/\/www.kosbasket.at\/wp-content\/gallery\/kos-kamp-2021\/1_WhatsApp-Image-2021-09-05-at-15.27.12-1.jpeg\"\n               title=\"\"\n               data-src=\"https:\/\/www.kosbasket.at\/wp-content\/gallery\/kos-kamp-2021\/1_WhatsApp-Image-2021-09-05-at-15.27.12-1.jpeg\"\n               data-thumbnail=\"https:\/\/www.kosbasket.at\/wp-content\/gallery\/kos-kamp-2021\/thumbs\/thumbs_1_WhatsApp-Image-2021-09-05-at-15.27.12-1.jpeg\"\n               data-image-id=\"2199\"\n               data-title=\"1_WhatsApp-Image-2021-09-05-at-15.27.12-1\"\n               data-description=\"\"\n               class=\"ngg-simplelightbox\" rel=\"134e78f8a8bd8e204e325d64ed588e19\"><picture><source srcset='https:\/\/www.kosbasket.at\/wp-content\/gallery\/kos-kamp-2021\/thumbs\/thumbs_1_WhatsApp-Image-2021-09-05-at-15.27.12-1.jpeg, https:\/\/www.kosbasket.at\/wp-content\/gallery\/kos-kamp-2021\/cache\/1_WhatsApp-Image-2021-09-05-at-15.27.12-1.jpeg-nggid042199-ngg0dyn-480x320x100-00f0w010c011r110f110r010t010.jpeg 2x' media=''><img title=\"1_WhatsApp-Image-2021-09-05-at-15.27.12-1\" alt=\"1_WhatsApp-Image-2021-09-05-at-15.27.12-1\" width=\"240\" height=\"160\" style=\"max-width:240px;max-height:160px\" src=\"https:\/\/www.kosbasket.at\/wp-content\/gallery\/kos-kamp-2021\/thumbs\/thumbs_1_WhatsApp-Image-2021-09-05-at-15.27.12-1.jpeg\" srcset=\"https:\/\/www.kosbasket.at\/wp-content\/gallery\/kos-kamp-2021\/thumbs\/thumbs_1_WhatsApp-Image-2021-09-05-at-15.27.12-1.jpeg, https:\/\/www.kosbasket.at\/wp-content\/gallery\/kos-kamp-2021\/cache\/1_WhatsApp-Image-2021-09-05-at-15.27.12-1.jpeg-nggid042199-ngg0dyn-480x320x100-00f0w010c011r110f110r010t010.jpeg 2x\" onerror=\"nggRetryFailedImage(this);\"\/><\/picture>                <noscript><img src=\"https:\/\/www.kosbasket.at\/wp-content\/gallery\/kos-kamp-2021\/thumbs\/thumbs_1_WhatsApp-Image-2021-09-05-at-15.27.12-1.jpeg\"\n                         title=\"1_WhatsApp-Image-2021-09-05-at-15.27.12-1\"\n                         alt=\"1_WhatsApp-Image-2021-09-05-at-15.27.12-1\"\n                         width=\"240\"\n                         height=\"160\"\n                         style=\"max-width:100%; height: auto;\"\/><\/noscript><\/a><\/div><div id=\"ngg-image-3\" class=\"image-wrapper\"><a href=\"https:\/\/www.kosbasket.at\/wp-content\/gallery\/kos-kamp-2021\/1_WhatsApp-Image-2021-09-05-at-15.27.12-2.jpeg\"\n               title=\"\"\n               data-src=\"https:\/\/www.kosbasket.at\/wp-content\/gallery\/kos-kamp-2021\/1_WhatsApp-Image-2021-09-05-at-15.27.12-2.jpeg\"\n               data-thumbnail=\"https:\/\/www.kosbasket.at\/wp-content\/gallery\/kos-kamp-2021\/thumbs\/thumbs_1_WhatsApp-Image-2021-09-05-at-15.27.12-2.jpeg\"\n               data-image-id=\"2201\"\n               data-title=\"1_WhatsApp-Image-2021-09-05-at-15.27.12-2\"\n               data-description=\"\"\n               class=\"ngg-simplelightbox\" rel=\"134e78f8a8bd8e204e325d64ed588e19\"><picture><source srcset='https:\/\/www.kosbasket.at\/wp-content\/gallery\/kos-kamp-2021\/thumbs\/thumbs_1_WhatsApp-Image-2021-09-05-at-15.27.12-2.jpeg, https:\/\/www.kosbasket.at\/wp-content\/gallery\/kos-kamp-2021\/cache\/1_WhatsApp-Image-2021-09-05-at-15.27.12-2.jpeg-nggid042201-ngg0dyn-480x320x100-00f0w010c011r110f110r010t010.jpeg 2x' media=''><img title=\"1_WhatsApp-Image-2021-09-05-at-15.27.12-2\" alt=\"1_WhatsApp-Image-2021-09-05-at-15.27.12-2\" width=\"240\" height=\"160\" style=\"max-width:240px;max-height:160px\" src=\"https:\/\/www.kosbasket.at\/wp-content\/gallery\/kos-kamp-2021\/thumbs\/thumbs_1_WhatsApp-Image-2021-09-05-at-15.27.12-2.jpeg\" srcset=\"https:\/\/www.kosbasket.at\/wp-content\/gallery\/kos-kamp-2021\/thumbs\/thumbs_1_WhatsApp-Image-2021-09-05-at-15.27.12-2.jpeg, https:\/\/www.kosbasket.at\/wp-content\/gallery\/kos-kamp-2021\/cache\/1_WhatsApp-Image-2021-09-05-at-15.27.12-2.jpeg-nggid042201-ngg0dyn-480x320x100-00f0w010c011r110f110r010t010.jpeg 2x\" onerror=\"nggRetryFailedImage(this);\"\/><\/picture>                <noscript><img src=\"https:\/\/www.kosbasket.at\/wp-content\/gallery\/kos-kamp-2021\/thumbs\/thumbs_1_WhatsApp-Image-2021-09-05-at-15.27.12-2.jpeg\"\n                         title=\"1_WhatsApp-Image-2021-09-05-at-15.27.12-2\"\n                         alt=\"1_WhatsApp-Image-2021-09-05-at-15.27.12-2\"\n                         width=\"240\"\n                         height=\"160\"\n                         style=\"max-width:100%; height: auto;\"\/><\/noscript><\/a><\/div><div id=\"ngg-image-4\" class=\"image-wrapper\"><a href=\"https:\/\/www.kosbasket.at\/wp-content\/gallery\/kos-kamp-2021\/1_WhatsApp-Image-2021-09-05-at-15.27.12-3.jpeg\"\n               title=\"\"\n               data-src=\"https:\/\/www.kosbasket.at\/wp-content\/gallery\/kos-kamp-2021\/1_WhatsApp-Image-2021-09-05-at-15.27.12-3.jpeg\"\n               data-thumbnail=\"https:\/\/www.kosbasket.at\/wp-content\/gallery\/kos-kamp-2021\/thumbs\/thumbs_1_WhatsApp-Image-2021-09-05-at-15.27.12-3.jpeg\"\n               data-image-id=\"2203\"\n               data-title=\"1_WhatsApp-Image-2021-09-05-at-15.27.12-3\"\n               data-description=\"\"\n               class=\"ngg-simplelightbox\" rel=\"134e78f8a8bd8e204e325d64ed588e19\"><picture><source srcset='https:\/\/www.kosbasket.at\/wp-content\/gallery\/kos-kamp-2021\/thumbs\/thumbs_1_WhatsApp-Image-2021-09-05-at-15.27.12-3.jpeg, https:\/\/www.kosbasket.at\/wp-content\/gallery\/kos-kamp-2021\/cache\/1_WhatsApp-Image-2021-09-05-at-15.27.12-3.jpeg-nggid042203-ngg0dyn-480x320x100-00f0w010c011r110f110r010t010.jpeg 2x' media=''><img title=\"1_WhatsApp-Image-2021-09-05-at-15.27.12-3\" alt=\"1_WhatsApp-Image-2021-09-05-at-15.27.12-3\" width=\"240\" height=\"160\" style=\"max-width:240px;max-height:160px\" src=\"https:\/\/www.kosbasket.at\/wp-content\/gallery\/kos-kamp-2021\/thumbs\/thumbs_1_WhatsApp-Image-2021-09-05-at-15.27.12-3.jpeg\" srcset=\"https:\/\/www.kosbasket.at\/wp-content\/gallery\/kos-kamp-2021\/thumbs\/thumbs_1_WhatsApp-Image-2021-09-05-at-15.27.12-3.jpeg, https:\/\/www.kosbasket.at\/wp-content\/gallery\/kos-kamp-2021\/cache\/1_WhatsApp-Image-2021-09-05-at-15.27.12-3.jpeg-nggid042203-ngg0dyn-480x320x100-00f0w010c011r110f110r010t010.jpeg 2x\" onerror=\"nggRetryFailedImage(this);\"\/><\/picture>                <noscript><img src=\"https:\/\/www.kosbasket.at\/wp-content\/gallery\/kos-kamp-2021\/thumbs\/thumbs_1_WhatsApp-Image-2021-09-05-at-15.27.12-3.jpeg\"\n                         title=\"1_WhatsApp-Image-2021-09-05-at-15.27.12-3\"\n                         alt=\"1_WhatsApp-Image-2021-09-05-at-15.27.12-3\"\n                         width=\"240\"\n                         height=\"160\"\n                         style=\"max-width:100%; height: auto;\"\/><\/noscript><\/a><\/div><div id=\"ngg-image-5\" class=\"image-wrapper\"><a href=\"https:\/\/www.kosbasket.at\/wp-content\/gallery\/kos-kamp-2021\/1_WhatsApp-Image-2021-09-05-at-15.27.12.jpeg\"\n               title=\"\"\n               data-src=\"https:\/\/www.kosbasket.at\/wp-content\/gallery\/kos-kamp-2021\/1_WhatsApp-Image-2021-09-05-at-15.27.12.jpeg\"\n               data-thumbnail=\"https:\/\/www.kosbasket.at\/wp-content\/gallery\/kos-kamp-2021\/thumbs\/thumbs_1_WhatsApp-Image-2021-09-05-at-15.27.12.jpeg\"\n               data-image-id=\"2206\"\n               data-title=\"1_WhatsApp-Image-2021-09-05-at-15.27.12\"\n               data-description=\"\"\n               class=\"ngg-simplelightbox\" rel=\"134e78f8a8bd8e204e325d64ed588e19\"><picture><source srcset='https:\/\/www.kosbasket.at\/wp-content\/gallery\/kos-kamp-2021\/thumbs\/thumbs_1_WhatsApp-Image-2021-09-05-at-15.27.12.jpeg, https:\/\/www.kosbasket.at\/wp-content\/gallery\/kos-kamp-2021\/cache\/1_WhatsApp-Image-2021-09-05-at-15.27.12.jpeg-nggid042206-ngg0dyn-480x320x100-00f0w010c011r110f110r010t010.jpeg 2x' media=''><img title=\"1_WhatsApp-Image-2021-09-05-at-15.27.12\" alt=\"1_WhatsApp-Image-2021-09-05-at-15.27.12\" width=\"240\" height=\"160\" style=\"max-width:240px;max-height:160px\" src=\"https:\/\/www.kosbasket.at\/wp-content\/gallery\/kos-kamp-2021\/thumbs\/thumbs_1_WhatsApp-Image-2021-09-05-at-15.27.12.jpeg\" srcset=\"https:\/\/www.kosbasket.at\/wp-content\/gallery\/kos-kamp-2021\/thumbs\/thumbs_1_WhatsApp-Image-2021-09-05-at-15.27.12.jpeg, https:\/\/www.kosbasket.at\/wp-content\/gallery\/kos-kamp-2021\/cache\/1_WhatsApp-Image-2021-09-05-at-15.27.12.jpeg-nggid042206-ngg0dyn-480x320x100-00f0w010c011r110f110r010t010.jpeg 2x\" onerror=\"nggRetryFailedImage(this);\"\/><\/picture>                <noscript><img src=\"https:\/\/www.kosbasket.at\/wp-content\/gallery\/kos-kamp-2021\/thumbs\/thumbs_1_WhatsApp-Image-2021-09-05-at-15.27.12.jpeg\"\n                         title=\"1_WhatsApp-Image-2021-09-05-at-15.27.12\"\n                         alt=\"1_WhatsApp-Image-2021-09-05-at-15.27.12\"\n                         width=\"240\"\n                         height=\"160\"\n                         style=\"max-width:100%; height: auto;\"\/><\/noscript><\/a><\/div><div id=\"ngg-image-6\" class=\"image-wrapper\"><a href=\"https:\/\/www.kosbasket.at\/wp-content\/gallery\/kos-kamp-2021\/1_WhatsApp-Image-2021-09-05-at-15.27.13-1.jpeg\"\n               title=\"\"\n               data-src=\"https:\/\/www.kosbasket.at\/wp-content\/gallery\/kos-kamp-2021\/1_WhatsApp-Image-2021-09-05-at-15.27.13-1.jpeg\"\n               data-thumbnail=\"https:\/\/www.kosbasket.at\/wp-content\/gallery\/kos-kamp-2021\/thumbs\/thumbs_1_WhatsApp-Image-2021-09-05-at-15.27.13-1.jpeg\"\n               data-image-id=\"2207\"\n               data-title=\"1_WhatsApp-Image-2021-09-05-at-15.27.13-1\"\n               data-description=\"\"\n               class=\"ngg-simplelightbox\" rel=\"134e78f8a8bd8e204e325d64ed588e19\"><picture><source srcset='https:\/\/www.kosbasket.at\/wp-content\/gallery\/kos-kamp-2021\/thumbs\/thumbs_1_WhatsApp-Image-2021-09-05-at-15.27.13-1.jpeg, https:\/\/www.kosbasket.at\/wp-content\/gallery\/kos-kamp-2021\/cache\/1_WhatsApp-Image-2021-09-05-at-15.27.13-1.jpeg-nggid042207-ngg0dyn-480x320x100-00f0w010c011r110f110r010t010.jpeg 2x' media=''><img title=\"1_WhatsApp-Image-2021-09-05-at-15.27.13-1\" alt=\"1_WhatsApp-Image-2021-09-05-at-15.27.13-1\" width=\"240\" height=\"160\" style=\"max-width:240px;max-height:160px\" src=\"https:\/\/www.kosbasket.at\/wp-content\/gallery\/kos-kamp-2021\/thumbs\/thumbs_1_WhatsApp-Image-2021-09-05-at-15.27.13-1.jpeg\" srcset=\"https:\/\/www.kosbasket.at\/wp-content\/gallery\/kos-kamp-2021\/thumbs\/thumbs_1_WhatsApp-Image-2021-09-05-at-15.27.13-1.jpeg, https:\/\/www.kosbasket.at\/wp-content\/gallery\/kos-kamp-2021\/cache\/1_WhatsApp-Image-2021-09-05-at-15.27.13-1.jpeg-nggid042207-ngg0dyn-480x320x100-00f0w010c011r110f110r010t010.jpeg 2x\" onerror=\"nggRetryFailedImage(this);\"\/><\/picture>                <noscript><img src=\"https:\/\/www.kosbasket.at\/wp-content\/gallery\/kos-kamp-2021\/thumbs\/thumbs_1_WhatsApp-Image-2021-09-05-at-15.27.13-1.jpeg\"\n                         title=\"1_WhatsApp-Image-2021-09-05-at-15.27.13-1\"\n                         alt=\"1_WhatsApp-Image-2021-09-05-at-15.27.13-1\"\n                         width=\"240\"\n                         height=\"160\"\n                         style=\"max-width:100%; height: auto;\"\/><\/noscript><\/a><\/div><div id=\"ngg-image-7\" class=\"image-wrapper\"><a href=\"https:\/\/www.kosbasket.at\/wp-content\/gallery\/kos-kamp-2021\/1_WhatsApp-Image-2021-09-05-at-15.27.13.jpeg\"\n               title=\"\"\n               data-src=\"https:\/\/www.kosbasket.at\/wp-content\/gallery\/kos-kamp-2021\/1_WhatsApp-Image-2021-09-05-at-15.27.13.jpeg\"\n               data-thumbnail=\"https:\/\/www.kosbasket.at\/wp-content\/gallery\/kos-kamp-2021\/thumbs\/thumbs_1_WhatsApp-Image-2021-09-05-at-15.27.13.jpeg\"\n               data-image-id=\"2211\"\n               data-title=\"1_WhatsApp-Image-2021-09-05-at-15.27.13\"\n               data-description=\"\"\n               class=\"ngg-simplelightbox\" rel=\"134e78f8a8bd8e204e325d64ed588e19\"><picture><source srcset='https:\/\/www.kosbasket.at\/wp-content\/gallery\/kos-kamp-2021\/thumbs\/thumbs_1_WhatsApp-Image-2021-09-05-at-15.27.13.jpeg, https:\/\/www.kosbasket.at\/wp-content\/gallery\/kos-kamp-2021\/cache\/1_WhatsApp-Image-2021-09-05-at-15.27.13.jpeg-nggid042211-ngg0dyn-480x320x100-00f0w010c011r110f110r010t010.jpeg 2x' media=''><img title=\"1_WhatsApp-Image-2021-09-05-at-15.27.13\" alt=\"1_WhatsApp-Image-2021-09-05-at-15.27.13\" width=\"240\" height=\"160\" style=\"max-width:240px;max-height:160px\" src=\"https:\/\/www.kosbasket.at\/wp-content\/gallery\/kos-kamp-2021\/thumbs\/thumbs_1_WhatsApp-Image-2021-09-05-at-15.27.13.jpeg\" srcset=\"https:\/\/www.kosbasket.at\/wp-content\/gallery\/kos-kamp-2021\/thumbs\/thumbs_1_WhatsApp-Image-2021-09-05-at-15.27.13.jpeg, https:\/\/www.kosbasket.at\/wp-content\/gallery\/kos-kamp-2021\/cache\/1_WhatsApp-Image-2021-09-05-at-15.27.13.jpeg-nggid042211-ngg0dyn-480x320x100-00f0w010c011r110f110r010t010.jpeg 2x\" onerror=\"nggRetryFailedImage(this);\"\/><\/picture>                <noscript><img src=\"https:\/\/www.kosbasket.at\/wp-content\/gallery\/kos-kamp-2021\/thumbs\/thumbs_1_WhatsApp-Image-2021-09-05-at-15.27.13.jpeg\"\n                         title=\"1_WhatsApp-Image-2021-09-05-at-15.27.13\"\n                         alt=\"1_WhatsApp-Image-2021-09-05-at-15.27.13\"\n                         width=\"240\"\n                         height=\"160\"\n                         style=\"max-width:100%; height: auto;\"\/><\/noscript><\/a><\/div><div id=\"ngg-image-8\" class=\"image-wrapper\"><a href=\"https:\/\/www.kosbasket.at\/wp-content\/gallery\/kos-kamp-2021\/1_WhatsApp-Image-2021-09-05-at-15.27.14-1.jpeg\"\n               title=\"\"\n               data-src=\"https:\/\/www.kosbasket.at\/wp-content\/gallery\/kos-kamp-2021\/1_WhatsApp-Image-2021-09-05-at-15.27.14-1.jpeg\"\n               data-thumbnail=\"https:\/\/www.kosbasket.at\/wp-content\/gallery\/kos-kamp-2021\/thumbs\/thumbs_1_WhatsApp-Image-2021-09-05-at-15.27.14-1.jpeg\"\n               data-image-id=\"2214\"\n               data-title=\"1_WhatsApp-Image-2021-09-05-at-15.27.14-1\"\n               data-description=\"\"\n               class=\"ngg-simplelightbox\" rel=\"134e78f8a8bd8e204e325d64ed588e19\"><picture><source srcset='https:\/\/www.kosbasket.at\/wp-content\/gallery\/kos-kamp-2021\/thumbs\/thumbs_1_WhatsApp-Image-2021-09-05-at-15.27.14-1.jpeg, https:\/\/www.kosbasket.at\/wp-content\/gallery\/kos-kamp-2021\/cache\/1_WhatsApp-Image-2021-09-05-at-15.27.14-1.jpeg-nggid042214-ngg0dyn-480x320x100-00f0w010c011r110f110r010t010.jpeg 2x' media=''><img title=\"1_WhatsApp-Image-2021-09-05-at-15.27.14-1\" alt=\"1_WhatsApp-Image-2021-09-05-at-15.27.14-1\" width=\"240\" height=\"160\" style=\"max-width:240px;max-height:160px\" src=\"https:\/\/www.kosbasket.at\/wp-content\/gallery\/kos-kamp-2021\/thumbs\/thumbs_1_WhatsApp-Image-2021-09-05-at-15.27.14-1.jpeg\" srcset=\"https:\/\/www.kosbasket.at\/wp-content\/gallery\/kos-kamp-2021\/thumbs\/thumbs_1_WhatsApp-Image-2021-09-05-at-15.27.14-1.jpeg, https:\/\/www.kosbasket.at\/wp-content\/gallery\/kos-kamp-2021\/cache\/1_WhatsApp-Image-2021-09-05-at-15.27.14-1.jpeg-nggid042214-ngg0dyn-480x320x100-00f0w010c011r110f110r010t010.jpeg 2x\" onerror=\"nggRetryFailedImage(this);\"\/><\/picture>                <noscript><img src=\"https:\/\/www.kosbasket.at\/wp-content\/gallery\/kos-kamp-2021\/thumbs\/thumbs_1_WhatsApp-Image-2021-09-05-at-15.27.14-1.jpeg\"\n                         title=\"1_WhatsApp-Image-2021-09-05-at-15.27.14-1\"\n                         alt=\"1_WhatsApp-Image-2021-09-05-at-15.27.14-1\"\n                         width=\"240\"\n                         height=\"160\"\n                         style=\"max-width:100%; height: auto;\"\/><\/noscript><\/a><\/div><div id=\"ngg-image-9\" class=\"image-wrapper\"><a href=\"https:\/\/www.kosbasket.at\/wp-content\/gallery\/kos-kamp-2021\/1_WhatsApp-Image-2021-09-05-at-15.27.14-2.jpeg\"\n               title=\"\"\n               data-src=\"https:\/\/www.kosbasket.at\/wp-content\/gallery\/kos-kamp-2021\/1_WhatsApp-Image-2021-09-05-at-15.27.14-2.jpeg\"\n               data-thumbnail=\"https:\/\/www.kosbasket.at\/wp-content\/gallery\/kos-kamp-2021\/thumbs\/thumbs_1_WhatsApp-Image-2021-09-05-at-15.27.14-2.jpeg\"\n               data-image-id=\"2217\"\n               data-title=\"1_WhatsApp-Image-2021-09-05-at-15.27.14-2\"\n               data-description=\"\"\n               class=\"ngg-simplelightbox\" rel=\"134e78f8a8bd8e204e325d64ed588e19\"><picture><source srcset='https:\/\/www.kosbasket.at\/wp-content\/gallery\/kos-kamp-2021\/thumbs\/thumbs_1_WhatsApp-Image-2021-09-05-at-15.27.14-2.jpeg, https:\/\/www.kosbasket.at\/wp-content\/gallery\/kos-kamp-2021\/cache\/1_WhatsApp-Image-2021-09-05-at-15.27.14-2.jpeg-nggid042217-ngg0dyn-480x320x100-00f0w010c011r110f110r010t010.jpeg 2x' media=''><img title=\"1_WhatsApp-Image-2021-09-05-at-15.27.14-2\" alt=\"1_WhatsApp-Image-2021-09-05-at-15.27.14-2\" width=\"240\" height=\"160\" style=\"max-width:240px;max-height:160px\" src=\"https:\/\/www.kosbasket.at\/wp-content\/gallery\/kos-kamp-2021\/thumbs\/thumbs_1_WhatsApp-Image-2021-09-05-at-15.27.14-2.jpeg\" srcset=\"https:\/\/www.kosbasket.at\/wp-content\/gallery\/kos-kamp-2021\/thumbs\/thumbs_1_WhatsApp-Image-2021-09-05-at-15.27.14-2.jpeg, https:\/\/www.kosbasket.at\/wp-content\/gallery\/kos-kamp-2021\/cache\/1_WhatsApp-Image-2021-09-05-at-15.27.14-2.jpeg-nggid042217-ngg0dyn-480x320x100-00f0w010c011r110f110r010t010.jpeg 2x\" onerror=\"nggRetryFailedImage(this);\"\/><\/picture>                <noscript><img src=\"https:\/\/www.kosbasket.at\/wp-content\/gallery\/kos-kamp-2021\/thumbs\/thumbs_1_WhatsApp-Image-2021-09-05-at-15.27.14-2.jpeg\"\n                         title=\"1_WhatsApp-Image-2021-09-05-at-15.27.14-2\"\n                         alt=\"1_WhatsApp-Image-2021-09-05-at-15.27.14-2\"\n                         width=\"240\"\n                         height=\"160\"\n                         style=\"max-width:100%; height: auto;\"\/><\/noscript><\/a><\/div><div id=\"ngg-image-10\" class=\"image-wrapper\"><a href=\"https:\/\/www.kosbasket.at\/wp-content\/gallery\/kos-kamp-2021\/1_WhatsApp-Image-2021-09-05-at-15.27.14-3.jpeg\"\n               title=\"\"\n               data-src=\"https:\/\/www.kosbasket.at\/wp-content\/gallery\/kos-kamp-2021\/1_WhatsApp-Image-2021-09-05-at-15.27.14-3.jpeg\"\n               data-thumbnail=\"https:\/\/www.kosbasket.at\/wp-content\/gallery\/kos-kamp-2021\/thumbs\/thumbs_1_WhatsApp-Image-2021-09-05-at-15.27.14-3.jpeg\"\n               data-image-id=\"2221\"\n               data-title=\"1_WhatsApp-Image-2021-09-05-at-15.27.14-3\"\n               data-description=\"\"\n               class=\"ngg-simplelightbox\" rel=\"134e78f8a8bd8e204e325d64ed588e19\"><picture><source srcset='https:\/\/www.kosbasket.at\/wp-content\/gallery\/kos-kamp-2021\/thumbs\/thumbs_1_WhatsApp-Image-2021-09-05-at-15.27.14-3.jpeg, https:\/\/www.kosbasket.at\/wp-content\/gallery\/kos-kamp-2021\/cache\/1_WhatsApp-Image-2021-09-05-at-15.27.14-3.jpeg-nggid042221-ngg0dyn-480x320x100-00f0w010c011r110f110r010t010.jpeg 2x' media=''><img title=\"1_WhatsApp-Image-2021-09-05-at-15.27.14-3\" alt=\"1_WhatsApp-Image-2021-09-05-at-15.27.14-3\" width=\"240\" height=\"160\" style=\"max-width:240px;max-height:160px\" src=\"https:\/\/www.kosbasket.at\/wp-content\/gallery\/kos-kamp-2021\/thumbs\/thumbs_1_WhatsApp-Image-2021-09-05-at-15.27.14-3.jpeg\" srcset=\"https:\/\/www.kosbasket.at\/wp-content\/gallery\/kos-kamp-2021\/thumbs\/thumbs_1_WhatsApp-Image-2021-09-05-at-15.27.14-3.jpeg, https:\/\/www.kosbasket.at\/wp-content\/gallery\/kos-kamp-2021\/cache\/1_WhatsApp-Image-2021-09-05-at-15.27.14-3.jpeg-nggid042221-ngg0dyn-480x320x100-00f0w010c011r110f110r010t010.jpeg 2x\" onerror=\"nggRetryFailedImage(this);\"\/><\/picture>                <noscript><img src=\"https:\/\/www.kosbasket.at\/wp-content\/gallery\/kos-kamp-2021\/thumbs\/thumbs_1_WhatsApp-Image-2021-09-05-at-15.27.14-3.jpeg\"\n                         title=\"1_WhatsApp-Image-2021-09-05-at-15.27.14-3\"\n                         alt=\"1_WhatsApp-Image-2021-09-05-at-15.27.14-3\"\n                         width=\"240\"\n                         height=\"160\"\n                         style=\"max-width:100%; height: auto;\"\/><\/noscript><\/a><\/div><div id=\"ngg-image-11\" class=\"image-wrapper\"><a href=\"https:\/\/www.kosbasket.at\/wp-content\/gallery\/kos-kamp-2021\/1_WhatsApp-Image-2021-09-05-at-15.27.14.jpeg\"\n               title=\"\"\n               data-src=\"https:\/\/www.kosbasket.at\/wp-content\/gallery\/kos-kamp-2021\/1_WhatsApp-Image-2021-09-05-at-15.27.14.jpeg\"\n               data-thumbnail=\"https:\/\/www.kosbasket.at\/wp-content\/gallery\/kos-kamp-2021\/thumbs\/thumbs_1_WhatsApp-Image-2021-09-05-at-15.27.14.jpeg\"\n               data-image-id=\"2225\"\n               data-title=\"1_WhatsApp-Image-2021-09-05-at-15.27.14\"\n               data-description=\"\"\n               class=\"ngg-simplelightbox\" rel=\"134e78f8a8bd8e204e325d64ed588e19\"><picture><source srcset='https:\/\/www.kosbasket.at\/wp-content\/gallery\/kos-kamp-2021\/thumbs\/thumbs_1_WhatsApp-Image-2021-09-05-at-15.27.14.jpeg, https:\/\/www.kosbasket.at\/wp-content\/gallery\/kos-kamp-2021\/cache\/1_WhatsApp-Image-2021-09-05-at-15.27.14.jpeg-nggid042225-ngg0dyn-480x320x100-00f0w010c011r110f110r010t010.jpeg 2x' media=''><img title=\"1_WhatsApp-Image-2021-09-05-at-15.27.14\" alt=\"1_WhatsApp-Image-2021-09-05-at-15.27.14\" width=\"240\" height=\"160\" style=\"max-width:240px;max-height:160px\" src=\"https:\/\/www.kosbasket.at\/wp-content\/gallery\/kos-kamp-2021\/thumbs\/thumbs_1_WhatsApp-Image-2021-09-05-at-15.27.14.jpeg\" srcset=\"https:\/\/www.kosbasket.at\/wp-content\/gallery\/kos-kamp-2021\/thumbs\/thumbs_1_WhatsApp-Image-2021-09-05-at-15.27.14.jpeg, https:\/\/www.kosbasket.at\/wp-content\/gallery\/kos-kamp-2021\/cache\/1_WhatsApp-Image-2021-09-05-at-15.27.14.jpeg-nggid042225-ngg0dyn-480x320x100-00f0w010c011r110f110r010t010.jpeg 2x\" onerror=\"nggRetryFailedImage(this);\"\/><\/picture>                <noscript><img src=\"https:\/\/www.kosbasket.at\/wp-content\/gallery\/kos-kamp-2021\/thumbs\/thumbs_1_WhatsApp-Image-2021-09-05-at-15.27.14.jpeg\"\n                         title=\"1_WhatsApp-Image-2021-09-05-at-15.27.14\"\n                         alt=\"1_WhatsApp-Image-2021-09-05-at-15.27.14\"\n                         width=\"240\"\n                         height=\"160\"\n                         style=\"max-width:100%; height: auto;\"\/><\/noscript><\/a><\/div><div id=\"ngg-image-12\" class=\"image-wrapper\"><a href=\"https:\/\/www.kosbasket.at\/wp-content\/gallery\/kos-kamp-2021\/1_WhatsApp-Image-2021-09-05-at-15.27.15-1.jpeg\"\n               title=\"\"\n               data-src=\"https:\/\/www.kosbasket.at\/wp-content\/gallery\/kos-kamp-2021\/1_WhatsApp-Image-2021-09-05-at-15.27.15-1.jpeg\"\n               data-thumbnail=\"https:\/\/www.kosbasket.at\/wp-content\/gallery\/kos-kamp-2021\/thumbs\/thumbs_1_WhatsApp-Image-2021-09-05-at-15.27.15-1.jpeg\"\n               data-image-id=\"2229\"\n               data-title=\"1_WhatsApp-Image-2021-09-05-at-15.27.15-1\"\n               data-description=\"\"\n               class=\"ngg-simplelightbox\" rel=\"134e78f8a8bd8e204e325d64ed588e19\"><picture><source srcset='https:\/\/www.kosbasket.at\/wp-content\/gallery\/kos-kamp-2021\/thumbs\/thumbs_1_WhatsApp-Image-2021-09-05-at-15.27.15-1.jpeg, https:\/\/www.kosbasket.at\/wp-content\/gallery\/kos-kamp-2021\/cache\/1_WhatsApp-Image-2021-09-05-at-15.27.15-1.jpeg-nggid042229-ngg0dyn-480x320x100-00f0w010c011r110f110r010t010.jpeg 2x' media=''><img title=\"1_WhatsApp-Image-2021-09-05-at-15.27.15-1\" alt=\"1_WhatsApp-Image-2021-09-05-at-15.27.15-1\" width=\"240\" height=\"160\" style=\"max-width:240px;max-height:160px\" src=\"https:\/\/www.kosbasket.at\/wp-content\/gallery\/kos-kamp-2021\/thumbs\/thumbs_1_WhatsApp-Image-2021-09-05-at-15.27.15-1.jpeg\" srcset=\"https:\/\/www.kosbasket.at\/wp-content\/gallery\/kos-kamp-2021\/thumbs\/thumbs_1_WhatsApp-Image-2021-09-05-at-15.27.15-1.jpeg, https:\/\/www.kosbasket.at\/wp-content\/gallery\/kos-kamp-2021\/cache\/1_WhatsApp-Image-2021-09-05-at-15.27.15-1.jpeg-nggid042229-ngg0dyn-480x320x100-00f0w010c011r110f110r010t010.jpeg 2x\" onerror=\"nggRetryFailedImage(this);\"\/><\/picture>                <noscript><img src=\"https:\/\/www.kosbasket.at\/wp-content\/gallery\/kos-kamp-2021\/thumbs\/thumbs_1_WhatsApp-Image-2021-09-05-at-15.27.15-1.jpeg\"\n                         title=\"1_WhatsApp-Image-2021-09-05-at-15.27.15-1\"\n                         alt=\"1_WhatsApp-Image-2021-09-05-at-15.27.15-1\"\n                         width=\"240\"\n                         height=\"160\"\n                         style=\"max-width:100%; height: auto;\"\/><\/noscript><\/a><\/div><div id=\"ngg-image-13\" class=\"image-wrapper\"><a href=\"https:\/\/www.kosbasket.at\/wp-content\/gallery\/kos-kamp-2021\/1_WhatsApp-Image-2021-09-05-at-15.27.15-3.jpeg\"\n               title=\"\"\n               data-src=\"https:\/\/www.kosbasket.at\/wp-content\/gallery\/kos-kamp-2021\/1_WhatsApp-Image-2021-09-05-at-15.27.15-3.jpeg\"\n               data-thumbnail=\"https:\/\/www.kosbasket.at\/wp-content\/gallery\/kos-kamp-2021\/thumbs\/thumbs_1_WhatsApp-Image-2021-09-05-at-15.27.15-3.jpeg\"\n               data-image-id=\"2231\"\n               data-title=\"1_WhatsApp-Image-2021-09-05-at-15.27.15-3\"\n               data-description=\"\"\n               class=\"ngg-simplelightbox\" rel=\"134e78f8a8bd8e204e325d64ed588e19\"><picture><source srcset='https:\/\/www.kosbasket.at\/wp-content\/gallery\/kos-kamp-2021\/thumbs\/thumbs_1_WhatsApp-Image-2021-09-05-at-15.27.15-3.jpeg, https:\/\/www.kosbasket.at\/wp-content\/gallery\/kos-kamp-2021\/cache\/1_WhatsApp-Image-2021-09-05-at-15.27.15-3.jpeg-nggid042231-ngg0dyn-480x320x100-00f0w010c011r110f110r010t010.jpeg 2x' media=''><img title=\"1_WhatsApp-Image-2021-09-05-at-15.27.15-3\" alt=\"1_WhatsApp-Image-2021-09-05-at-15.27.15-3\" width=\"240\" height=\"160\" style=\"max-width:240px;max-height:160px\" src=\"https:\/\/www.kosbasket.at\/wp-content\/gallery\/kos-kamp-2021\/thumbs\/thumbs_1_WhatsApp-Image-2021-09-05-at-15.27.15-3.jpeg\" srcset=\"https:\/\/www.kosbasket.at\/wp-content\/gallery\/kos-kamp-2021\/thumbs\/thumbs_1_WhatsApp-Image-2021-09-05-at-15.27.15-3.jpeg, https:\/\/www.kosbasket.at\/wp-content\/gallery\/kos-kamp-2021\/cache\/1_WhatsApp-Image-2021-09-05-at-15.27.15-3.jpeg-nggid042231-ngg0dyn-480x320x100-00f0w010c011r110f110r010t010.jpeg 2x\" onerror=\"nggRetryFailedImage(this);\"\/><\/picture>                <noscript><img src=\"https:\/\/www.kosbasket.at\/wp-content\/gallery\/kos-kamp-2021\/thumbs\/thumbs_1_WhatsApp-Image-2021-09-05-at-15.27.15-3.jpeg\"\n                         title=\"1_WhatsApp-Image-2021-09-05-at-15.27.15-3\"\n                         alt=\"1_WhatsApp-Image-2021-09-05-at-15.27.15-3\"\n                         width=\"240\"\n                         height=\"160\"\n                         style=\"max-width:100%; height: auto;\"\/><\/noscript><\/a><\/div><div id=\"ngg-image-14\" class=\"image-wrapper\"><a href=\"https:\/\/www.kosbasket.at\/wp-content\/gallery\/kos-kamp-2021\/1_WhatsApp-Image-2021-09-05-at-15.27.16-2.jpeg\"\n               title=\"\"\n               data-src=\"https:\/\/www.kosbasket.at\/wp-content\/gallery\/kos-kamp-2021\/1_WhatsApp-Image-2021-09-05-at-15.27.16-2.jpeg\"\n               data-thumbnail=\"https:\/\/www.kosbasket.at\/wp-content\/gallery\/kos-kamp-2021\/thumbs\/thumbs_1_WhatsApp-Image-2021-09-05-at-15.27.16-2.jpeg\"\n               data-image-id=\"2235\"\n               data-title=\"1_WhatsApp-Image-2021-09-05-at-15.27.16-2\"\n               data-description=\"\"\n               class=\"ngg-simplelightbox\" rel=\"134e78f8a8bd8e204e325d64ed588e19\"><picture><source srcset='https:\/\/www.kosbasket.at\/wp-content\/gallery\/kos-kamp-2021\/thumbs\/thumbs_1_WhatsApp-Image-2021-09-05-at-15.27.16-2.jpeg, https:\/\/www.kosbasket.at\/wp-content\/gallery\/kos-kamp-2021\/cache\/1_WhatsApp-Image-2021-09-05-at-15.27.16-2.jpeg-nggid042235-ngg0dyn-480x320x100-00f0w010c011r110f110r010t010.jpeg 2x' media=''><img title=\"1_WhatsApp-Image-2021-09-05-at-15.27.16-2\" alt=\"1_WhatsApp-Image-2021-09-05-at-15.27.16-2\" width=\"240\" height=\"160\" style=\"max-width:240px;max-height:160px\" src=\"https:\/\/www.kosbasket.at\/wp-content\/gallery\/kos-kamp-2021\/thumbs\/thumbs_1_WhatsApp-Image-2021-09-05-at-15.27.16-2.jpeg\" srcset=\"https:\/\/www.kosbasket.at\/wp-content\/gallery\/kos-kamp-2021\/thumbs\/thumbs_1_WhatsApp-Image-2021-09-05-at-15.27.16-2.jpeg, https:\/\/www.kosbasket.at\/wp-content\/gallery\/kos-kamp-2021\/cache\/1_WhatsApp-Image-2021-09-05-at-15.27.16-2.jpeg-nggid042235-ngg0dyn-480x320x100-00f0w010c011r110f110r010t010.jpeg 2x\" onerror=\"nggRetryFailedImage(this);\"\/><\/picture>                <noscript><img src=\"https:\/\/www.kosbasket.at\/wp-content\/gallery\/kos-kamp-2021\/thumbs\/thumbs_1_WhatsApp-Image-2021-09-05-at-15.27.16-2.jpeg\"\n                         title=\"1_WhatsApp-Image-2021-09-05-at-15.27.16-2\"\n                         alt=\"1_WhatsApp-Image-2021-09-05-at-15.27.16-2\"\n                         width=\"240\"\n                         height=\"160\"\n                         style=\"max-width:100%; height: auto;\"\/><\/noscript><\/a><\/div><div id=\"ngg-image-15\" class=\"image-wrapper\"><a href=\"https:\/\/www.kosbasket.at\/wp-content\/gallery\/kos-kamp-2021\/1_WhatsApp-Image-2021-09-05-at-15.27.17-2.jpeg\"\n               title=\"\"\n               data-src=\"https:\/\/www.kosbasket.at\/wp-content\/gallery\/kos-kamp-2021\/1_WhatsApp-Image-2021-09-05-at-15.27.17-2.jpeg\"\n               data-thumbnail=\"https:\/\/www.kosbasket.at\/wp-content\/gallery\/kos-kamp-2021\/thumbs\/thumbs_1_WhatsApp-Image-2021-09-05-at-15.27.17-2.jpeg\"\n               data-image-id=\"2237\"\n               data-title=\"1_WhatsApp-Image-2021-09-05-at-15.27.17-2\"\n               data-description=\"\"\n               class=\"ngg-simplelightbox\" rel=\"134e78f8a8bd8e204e325d64ed588e19\"><picture><source srcset='https:\/\/www.kosbasket.at\/wp-content\/gallery\/kos-kamp-2021\/thumbs\/thumbs_1_WhatsApp-Image-2021-09-05-at-15.27.17-2.jpeg, https:\/\/www.kosbasket.at\/wp-content\/gallery\/kos-kamp-2021\/cache\/1_WhatsApp-Image-2021-09-05-at-15.27.17-2.jpeg-nggid042237-ngg0dyn-480x320x100-00f0w010c011r110f110r010t010.jpeg 2x' media=''><img title=\"1_WhatsApp-Image-2021-09-05-at-15.27.17-2\" alt=\"1_WhatsApp-Image-2021-09-05-at-15.27.17-2\" width=\"240\" height=\"160\" style=\"max-width:240px;max-height:160px\" src=\"https:\/\/www.kosbasket.at\/wp-content\/gallery\/kos-kamp-2021\/thumbs\/thumbs_1_WhatsApp-Image-2021-09-05-at-15.27.17-2.jpeg\" srcset=\"https:\/\/www.kosbasket.at\/wp-content\/gallery\/kos-kamp-2021\/thumbs\/thumbs_1_WhatsApp-Image-2021-09-05-at-15.27.17-2.jpeg, https:\/\/www.kosbasket.at\/wp-content\/gallery\/kos-kamp-2021\/cache\/1_WhatsApp-Image-2021-09-05-at-15.27.17-2.jpeg-nggid042237-ngg0dyn-480x320x100-00f0w010c011r110f110r010t010.jpeg 2x\" onerror=\"nggRetryFailedImage(this);\"\/><\/picture>                <noscript><img src=\"https:\/\/www.kosbasket.at\/wp-content\/gallery\/kos-kamp-2021\/thumbs\/thumbs_1_WhatsApp-Image-2021-09-05-at-15.27.17-2.jpeg\"\n                         title=\"1_WhatsApp-Image-2021-09-05-at-15.27.17-2\"\n                         alt=\"1_WhatsApp-Image-2021-09-05-at-15.27.17-2\"\n                         width=\"240\"\n                         height=\"160\"\n                         style=\"max-width:100%; height: auto;\"\/><\/noscript><\/a><\/div><div id=\"ngg-image-16\" class=\"image-wrapper\"><a href=\"https:\/\/www.kosbasket.at\/wp-content\/gallery\/kos-kamp-2021\/1_WhatsApp-Image-2021-09-05-at-15.27.17.jpeg\"\n               title=\"\"\n               data-src=\"https:\/\/www.kosbasket.at\/wp-content\/gallery\/kos-kamp-2021\/1_WhatsApp-Image-2021-09-05-at-15.27.17.jpeg\"\n               data-thumbnail=\"https:\/\/www.kosbasket.at\/wp-content\/gallery\/kos-kamp-2021\/thumbs\/thumbs_1_WhatsApp-Image-2021-09-05-at-15.27.17.jpeg\"\n               data-image-id=\"2238\"\n               data-title=\"1_WhatsApp-Image-2021-09-05-at-15.27.17\"\n               data-description=\"\"\n               class=\"ngg-simplelightbox\" rel=\"134e78f8a8bd8e204e325d64ed588e19\"><picture><source srcset='https:\/\/www.kosbasket.at\/wp-content\/gallery\/kos-kamp-2021\/thumbs\/thumbs_1_WhatsApp-Image-2021-09-05-at-15.27.17.jpeg, https:\/\/www.kosbasket.at\/wp-content\/gallery\/kos-kamp-2021\/cache\/1_WhatsApp-Image-2021-09-05-at-15.27.17.jpeg-nggid042238-ngg0dyn-480x320x100-00f0w010c011r110f110r010t010.jpeg 2x' media=''><img title=\"1_WhatsApp-Image-2021-09-05-at-15.27.17\" alt=\"1_WhatsApp-Image-2021-09-05-at-15.27.17\" width=\"240\" height=\"160\" style=\"max-width:240px;max-height:160px\" src=\"https:\/\/www.kosbasket.at\/wp-content\/gallery\/kos-kamp-2021\/thumbs\/thumbs_1_WhatsApp-Image-2021-09-05-at-15.27.17.jpeg\" srcset=\"https:\/\/www.kosbasket.at\/wp-content\/gallery\/kos-kamp-2021\/thumbs\/thumbs_1_WhatsApp-Image-2021-09-05-at-15.27.17.jpeg, https:\/\/www.kosbasket.at\/wp-content\/gallery\/kos-kamp-2021\/cache\/1_WhatsApp-Image-2021-09-05-at-15.27.17.jpeg-nggid042238-ngg0dyn-480x320x100-00f0w010c011r110f110r010t010.jpeg 2x\" onerror=\"nggRetryFailedImage(this);\"\/><\/picture>                <noscript><img src=\"https:\/\/www.kosbasket.at\/wp-content\/gallery\/kos-kamp-2021\/thumbs\/thumbs_1_WhatsApp-Image-2021-09-05-at-15.27.17.jpeg\"\n                         title=\"1_WhatsApp-Image-2021-09-05-at-15.27.17\"\n                         alt=\"1_WhatsApp-Image-2021-09-05-at-15.27.17\"\n                         width=\"240\"\n                         height=\"160\"\n                         style=\"max-width:100%; height: auto;\"\/><\/noscript><\/a><\/div><div id=\"ngg-image-17\" class=\"image-wrapper\"><a href=\"https:\/\/www.kosbasket.at\/wp-content\/gallery\/kos-kamp-2021\/1_WhatsApp-Image-2021-09-05-at-15.27.18-2.jpeg\"\n               title=\"\"\n               data-src=\"https:\/\/www.kosbasket.at\/wp-content\/gallery\/kos-kamp-2021\/1_WhatsApp-Image-2021-09-05-at-15.27.18-2.jpeg\"\n               data-thumbnail=\"https:\/\/www.kosbasket.at\/wp-content\/gallery\/kos-kamp-2021\/thumbs\/thumbs_1_WhatsApp-Image-2021-09-05-at-15.27.18-2.jpeg\"\n               data-image-id=\"2240\"\n               data-title=\"1_WhatsApp-Image-2021-09-05-at-15.27.18-2\"\n               data-description=\"\"\n               class=\"ngg-simplelightbox\" rel=\"134e78f8a8bd8e204e325d64ed588e19\"><picture><source srcset='https:\/\/www.kosbasket.at\/wp-content\/gallery\/kos-kamp-2021\/thumbs\/thumbs_1_WhatsApp-Image-2021-09-05-at-15.27.18-2.jpeg, https:\/\/www.kosbasket.at\/wp-content\/gallery\/kos-kamp-2021\/cache\/1_WhatsApp-Image-2021-09-05-at-15.27.18-2.jpeg-nggid042240-ngg0dyn-480x320x100-00f0w010c011r110f110r010t010.jpeg 2x' media=''><img title=\"1_WhatsApp-Image-2021-09-05-at-15.27.18-2\" alt=\"1_WhatsApp-Image-2021-09-05-at-15.27.18-2\" width=\"240\" height=\"160\" style=\"max-width:240px;max-height:160px\" src=\"https:\/\/www.kosbasket.at\/wp-content\/gallery\/kos-kamp-2021\/thumbs\/thumbs_1_WhatsApp-Image-2021-09-05-at-15.27.18-2.jpeg\" srcset=\"https:\/\/www.kosbasket.at\/wp-content\/gallery\/kos-kamp-2021\/thumbs\/thumbs_1_WhatsApp-Image-2021-09-05-at-15.27.18-2.jpeg, https:\/\/www.kosbasket.at\/wp-content\/gallery\/kos-kamp-2021\/cache\/1_WhatsApp-Image-2021-09-05-at-15.27.18-2.jpeg-nggid042240-ngg0dyn-480x320x100-00f0w010c011r110f110r010t010.jpeg 2x\" onerror=\"nggRetryFailedImage(this);\"\/><\/picture>                <noscript><img src=\"https:\/\/www.kosbasket.at\/wp-content\/gallery\/kos-kamp-2021\/thumbs\/thumbs_1_WhatsApp-Image-2021-09-05-at-15.27.18-2.jpeg\"\n                         title=\"1_WhatsApp-Image-2021-09-05-at-15.27.18-2\"\n                         alt=\"1_WhatsApp-Image-2021-09-05-at-15.27.18-2\"\n                         width=\"240\"\n                         height=\"160\"\n                         style=\"max-width:100%; height: auto;\"\/><\/noscript><\/a><\/div><div id=\"ngg-image-18\" class=\"image-wrapper\"><a href=\"https:\/\/www.kosbasket.at\/wp-content\/gallery\/kos-kamp-2021\/1_WhatsApp-Image-2021-09-05-at-15.27.19.jpeg\"\n               title=\"\"\n               data-src=\"https:\/\/www.kosbasket.at\/wp-content\/gallery\/kos-kamp-2021\/1_WhatsApp-Image-2021-09-05-at-15.27.19.jpeg\"\n               data-thumbnail=\"https:\/\/www.kosbasket.at\/wp-content\/gallery\/kos-kamp-2021\/thumbs\/thumbs_1_WhatsApp-Image-2021-09-05-at-15.27.19.jpeg\"\n               data-image-id=\"2241\"\n               data-title=\"1_WhatsApp-Image-2021-09-05-at-15.27.19\"\n               data-description=\"\"\n               class=\"ngg-simplelightbox\" rel=\"134e78f8a8bd8e204e325d64ed588e19\"><picture><source srcset='https:\/\/www.kosbasket.at\/wp-content\/gallery\/kos-kamp-2021\/thumbs\/thumbs_1_WhatsApp-Image-2021-09-05-at-15.27.19.jpeg, https:\/\/www.kosbasket.at\/wp-content\/gallery\/kos-kamp-2021\/cache\/1_WhatsApp-Image-2021-09-05-at-15.27.19.jpeg-nggid042241-ngg0dyn-480x320x100-00f0w010c011r110f110r010t010.jpeg 2x' media=''><img title=\"1_WhatsApp-Image-2021-09-05-at-15.27.19\" alt=\"1_WhatsApp-Image-2021-09-05-at-15.27.19\" width=\"240\" height=\"160\" style=\"max-width:240px;max-height:160px\" src=\"https:\/\/www.kosbasket.at\/wp-content\/gallery\/kos-kamp-2021\/thumbs\/thumbs_1_WhatsApp-Image-2021-09-05-at-15.27.19.jpeg\" srcset=\"https:\/\/www.kosbasket.at\/wp-content\/gallery\/kos-kamp-2021\/thumbs\/thumbs_1_WhatsApp-Image-2021-09-05-at-15.27.19.jpeg, https:\/\/www.kosbasket.at\/wp-content\/gallery\/kos-kamp-2021\/cache\/1_WhatsApp-Image-2021-09-05-at-15.27.19.jpeg-nggid042241-ngg0dyn-480x320x100-00f0w010c011r110f110r010t010.jpeg 2x\" onerror=\"nggRetryFailedImage(this);\"\/><\/picture>                <noscript><img src=\"https:\/\/www.kosbasket.at\/wp-content\/gallery\/kos-kamp-2021\/thumbs\/thumbs_1_WhatsApp-Image-2021-09-05-at-15.27.19.jpeg\"\n                         title=\"1_WhatsApp-Image-2021-09-05-at-15.27.19\"\n                         alt=\"1_WhatsApp-Image-2021-09-05-at-15.27.19\"\n                         width=\"240\"\n                         height=\"160\"\n                         style=\"max-width:100%; height: auto;\"\/><\/noscript><\/a><\/div><div class='ngg-clear'><\/div><\/div>\n\n","protected":false},"excerpt":{"rendered":"<p>KO\u0160 Celovec\u00a0je priredil\u00a0v tem tednu od 30.8. do 3.9. medtem \u017ee 17.ko\u0161arkarski tabor za lasten podmladek v Mladinskem domu. Okoli 70 mladih trenira 2 krat dnevno v \u0161estih skupinah v telovadnicah Slovenske gimnazije, v Mladinskem domu, v telovadnicah BORGa in v \u0161portni dvorani \u0160entpeter. Glavna trenerja sta \u017ee peto leto zaporedoma Ale\u0161 Fabjan in Dejan&hellip; <a class=\"more-link\" href=\"https:\/\/www.kosbasket.at\/sl\/2021\/09\/kos-camp-2021\/\">Nadaljuj z branjem <span class=\"screen-reader-text\">KO\u0160 KAMP 2021<\/span><\/a><\/p>\n","protected":false},"author":1,"featured_media":0,"comment_status":"closed","ping_status":"closed","sticky":false,"template":"","format":"standard","meta":{"ngg_post_thumbnail":0,"footnotes":""},"categories":[3],"tags":[],"class_list":["post-5995","post","type-post","status-publish","format-standard","hentry","category-uncategorized-sl","entry"],"_links":{"self":[{"href":"https:\/\/www.kosbasket.at\/sl\/wp-json\/wp\/v2\/posts\/5995","targetHints":{"allow":["GET"]}}],"collection":[{"href":"https:\/\/www.kosbasket.at\/sl\/wp-json\/wp\/v2\/posts"}],"about":[{"href":"https:\/\/www.kosbasket.at\/sl\/wp-json\/wp\/v2\/types\/post"}],"author":[{"embeddable":true,"href":"https:\/\/www.kosbasket.at\/sl\/wp-json\/wp\/v2\/users\/1"}],"replies":[{"embeddable":true,"href":"https:\/\/www.kosbasket.at\/sl\/wp-json\/wp\/v2\/comments?post=5995"}],"version-history":[{"count":1,"href":"https:\/\/www.kosbasket.at\/sl\/wp-json\/wp\/v2\/posts\/5995\/revisions"}],"predecessor-version":[{"id":5996,"href":"https:\/\/www.kosbasket.at\/sl\/wp-json\/wp\/v2\/posts\/5995\/revisions\/5996"}],"wp:attachment":[{"href":"https:\/\/www.kosbasket.at\/sl\/wp-json\/wp\/v2\/media?parent=5995"}],"wp:term":[{"taxonomy":"category","embeddable":true,"href":"https:\/\/www.kosbasket.at\/sl\/wp-json\/wp\/v2\/categories?post=5995"},{"taxonomy":"post_tag","embeddable":true,"href":"https:\/\/www.kosbasket.at\/sl\/wp-json\/wp\/v2\/tags?post=5995"}],"curies":[{"name":"wp","href":"https:\/\/api.w.org\/{rel}","templated":true}]}}